{"id":1539,"global_id":"ekamashtangayogavalencia.com\/en?id=1539","global_id_lineage":["ekamashtangayogavalencia.com\/en?id=1539"],"author":"2","status":"publish","date":"2026-04-25 16:48:08","date_utc":"2026-04-25 14:48:08","modified":"2026-04-25 16:48:08","modified_utc":"2026-04-25 14:48:08","url":"https:\/\/ekamashtangayogavalencia.com\/en\/event\/intensivo-de-verano-2026\/","rest_url":"https:\/\/ekamashtangayogavalencia.com\/en\/wp-json\/tribe\/events\/v1\/events\/1539","title":"Intensivo de Verano 2026","description":"<p>Del 22 al 27 de Agosto 2026<\/p>\n<p>PROGRAMA<br \/>\n\ud83c\udf31 S\u00e1bado 22: Guiadas<br \/>\n7:00hs Guiada Primera Serie<br \/>\n9:00hs Guiada Segunda Serie o Primera Serie ( a definir)<\/p>\n<p>\ud83c\udf31 Domingo 23: Mysore<br \/>\n7:00h Primer Turno<br \/>\n8.30hs Segundo Turno<\/p>\n<p>\ud83d\udcff 11:00hs Charla + Brunch<\/p>\n<p>\ud83c\udf31 Lunes 24 a Jueves 27: Mysore<br \/>\n6:30hs Primer Turno<br \/>\n8:00hs Segundo Turno<\/p>\n<p>\ud83d\udcb0 PRECIO:<br \/>\nEarly Bird (reserva anticipada hasta el 01\/07): 200\u20ac<br \/>\nDespues del 01\/07: 230\u20ac<\/p>\n<p>\u26a0\ufe0f Para reserva de plaza: 50\u20ac<br \/>\npreferimos efectivo, pero si no vienes a la sala puedes hacer una transferencia a la siguiente cuenta:<\/p>\n<p>Alexia Pita<br \/>\nES57 2100 3704 5513 0025 4475<\/p>\n<p>Concepto: Intensivo Valencia + (tu nombre)<\/p>\n<p>Una vez que la tengas, por favor, env\u00edanos el comprobante.<br \/>\nTen en cuenta que la reserva de la plaza NO ES REEMBOLSABLE.<br \/>\nEs un compromiso que asumimos de ambas partes, nosotros por guardarte la plaza y tu para hacer el taller completo.<br \/>\nSi por alg\u00fan motivo necesitas cancelar, por favor av\u00edsanos lo antes posible as\u00ed podemos ofrecer tu plaza a otra persona.<\/p>","excerpt":"","slug":"intensivo-de-verano-2026","image":{"url":"https:\/\/ekamashtangayogavalencia.com\/wp-content\/uploads\/2026\/04\/Intensivo-2026.png","id":1540,"extension":"png","width":1080,"height":1350,"filesize":1104266,"sizes":{"medium":{"width":240,"height":300,"mime-type":"image\/png","filesize":84966,"url":"https:\/\/ekamashtangayogavalencia.com\/wp-content\/uploads\/2026\/04\/Intensivo-2026-240x300.png"},"large":{"width":819,"height":1024,"mime-type":"image\/png","filesize":686441,"url":"https:\/\/ekamashtangayogavalencia.com\/wp-content\/uploads\/2026\/04\/Intensivo-2026-819x1024.png"},"thumbnail":{"width":150,"height":150,"mime-type":"image\/png","filesize":29946,"url":"https:\/\/ekamashtangayogavalencia.com\/wp-content\/uploads\/2026\/04\/Intensivo-2026-150x150.png"},"medium_large":{"width":768,"height":960,"mime-type":"image\/png","filesize":622794,"url":"https:\/\/ekamashtangayogavalencia.com\/wp-content\/uploads\/2026\/04\/Intensivo-2026-768x960.png"},"trp-custom-language-flag":{"width":10,"height":12,"mime-type":"image\/png","filesize":559,"url":"https:\/\/ekamashtangayogavalencia.com\/wp-content\/uploads\/2026\/04\/Intensivo-2026-10x12.png"},"cmplz_banner_image":{"width":350,"height":100,"mime-type":"image\/png","filesize":38519,"url":"https:\/\/ekamashtangayogavalencia.com\/wp-content\/uploads\/2026\/04\/Intensivo-2026-350x100.png"}}},"all_day":true,"start_date":"2026-08-22 00:00:00","start_date_details":{"year":"2026","month":"08","day":"22","hour":"00","minutes":"00","seconds":"00"},"end_date":"2026-08-27 23:59:59","end_date_details":{"year":"2026","month":"08","day":"27","hour":"23","minutes":"59","seconds":"59"},"utc_start_date":"2026-08-21 22:00:00","utc_start_date_details":{"year":"2026","month":"08","day":"21","hour":"22","minutes":"00","seconds":"00"},"utc_end_date":"2026-08-27 21:59:59","utc_end_date_details":{"year":"2026","month":"08","day":"27","hour":"21","minutes":"59","seconds":"59"},"timezone":"Europe\/Madrid","timezone_abbr":"CEST","cost":"","cost_details":{"currency_symbol":"$","currency_code":"USD","currency_position":"prefix","values":[]},"website":"","show_map":true,"show_map_link":true,"hide_from_listings":false,"sticky":false,"featured":false,"categories":[],"tags":[],"venue":[],"organizer":[],"custom_fields":[],"json_ld":{"@context":"http:\/\/schema.org","@type":"Event","name":"Intensivo de Verano 2026","description":"&lt;p&gt;Del 22 al 27 de Agosto 2026 PROGRAMA \ud83c\udf31 S\u00e1bado 22: Guiadas 7:00hs Guiada Primera Serie 9:00hs Guiada Segunda Serie o Primera Serie ( a definir) \ud83c\udf31 Domingo 23: Mysore [&hellip;]&lt;\/p&gt;\\n","image":"https:\/\/ekamashtangayogavalencia.com\/wp-content\/uploads\/2026\/04\/Intensivo-2026.png","url":"https:\/\/ekamashtangayogavalencia.com\/en\/event\/intensivo-de-verano-2026\/","eventAttendanceMode":"https:\/\/schema.org\/OfflineEventAttendanceMode","eventStatus":"https:\/\/schema.org\/EventScheduled","startDate":"2026-08-22T00:00:00+02:00","endDate":"2026-08-27T23:59:59+02:00","performer":"Organization"}}